{"id":74,"date":"2025-12-03T15:46:53","date_gmt":"2025-12-03T14:46:53","guid":{"rendered":"https:\/\/twojenowewnetrze.pl\/?p=74"},"modified":"2025-12-16T07:11:32","modified_gmt":"2025-12-16T06:11:32","slug":"meble-szyte-na-miare-trendow-dlaczego-indywidualne-projekty-wygrywaja-z-masowa-produkcja","status":"publish","type":"post","link":"https:\/\/twojenowewnetrze.pl\/index.php\/2025\/12\/03\/meble-szyte-na-miare-trendow-dlaczego-indywidualne-projekty-wygrywaja-z-masowa-produkcja\/","title":{"rendered":"Meble szyte na miar\u0119 trend\u00f3w. Dlaczego indywidualne projekty wygrywaj\u0105 z masow\u0105 produkcj\u0105"},"content":{"rendered":"\n<p>Jeszcze kilka lat temu gotowe meble z salon\u00f3w by\u0142y pierwszym wyborem wielu klient\u00f3w. Dzi\u015b coraz wi\u0119cej os\u00f3b \u015bwiadomie decyduje si\u0119 na rozwi\u0105zania indywidualne, dopasowane do wn\u0119trza, stylu \u017cycia i estetycznych oczekiwa\u0144. Trendy meblarskie jasno pokazuj\u0105, \u017ce personalizacja staje si\u0119 kluczowym elementem nowoczesnych aran\u017cacji.<\/p>\n\n\n\n<p>Jednym z g\u0142\u00f3wnych powod\u00f3w tej zmiany jest potrzeba optymalnego wykorzystania przestrzeni. Mieszkania i domy coraz cz\u0119\u015bciej maj\u0105 nietypowe uk\u0142ady, skosy lub ograniczon\u0105 powierzchni\u0119. Meble wykonywane na wymiar pozwalaj\u0105 wykorzysta\u0107 ka\u017cdy centymetr bez rezygnacji z estetyki. Szafy pod sufit, zabudowy wn\u0119k czy kuchnie projektowane pod konkretne potrzeby domownik\u00f3w to dzi\u015b standard w nowoczesnych wn\u0119trzach.<\/p>\n\n\n\n<p>Kolejnym trendem jest sp\u00f3jno\u015b\u0107 stylistyczna. Klienci nie chc\u0105 ju\u017c przypadkowych element\u00f3w wyposa\u017cenia. Zale\u017cy im na wn\u0119trzu, kt\u00f3re tworzy ca\u0142o\u015b\u0107 od kuchni, przez salon, a\u017c po sypialni\u0119. Indywidualne projekty mebli pozwalaj\u0105 zachowa\u0107 jednolit\u0105 lini\u0119 kolorystyczn\u0105, materia\u0142y i detale, kt\u00f3re buduj\u0105 charakter przestrzeni.<\/p>\n\n\n\n<p>Wa\u017cnym aspektem jest tak\u017ce jako\u015b\u0107. \u015awiadomi klienci coraz cz\u0119\u015bciej zwracaj\u0105 uwag\u0119 na trwa\u0142o\u015b\u0107 materia\u0142\u00f3w, solidno\u015b\u0107 konstrukcji i precyzj\u0119 wykonania. To trend, kt\u00f3ry wyra\u017anie odr\u00f3\u017cnia meble wykonywane lokalnie od masowej produkcji. Wsp\u00f3\u0142praca z do\u015bwiadczonym producentem daje pewno\u015b\u0107, \u017ce meble b\u0119d\u0105 s\u0142u\u017cy\u0107 przez lata, a nie tylko przez jeden sezon.<\/p>\n\n\n\n<p>BK Meble z K\u0119t odpowiada na te potrzeby, oferuj\u0105c rozwi\u0105zania \u0142\u0105cz\u0105ce aktualne trendy z indywidualnym podej\u015bciem do ka\u017cdego projektu. To w\u0142a\u015bnie takie podej\u015bcie sprawia, \u017ce meble przestaj\u0105 by\u0107 tylko wyposa\u017ceniem wn\u0119trza, a staj\u0105 si\u0119 jego integraln\u0105 cz\u0119\u015bci\u0105.<\/p>\n","protected":false},"excerpt":{"rendered":"<p>Jeszcze kilka lat temu gotowe meble z salon\u00f3w by\u0142y pierwszym wyborem wielu klient\u00f3w. Dzi\u015b coraz wi\u0119cej os\u00f3b \u015bwiadomie decyduje si\u0119 na rozwi\u0105zania indywidualne, dopasowane do wn\u0119trza, stylu \u017cycia i estetycznych oczekiwa\u0144. Trendy meblarskie jasno pokazuj\u0105, \u017ce personalizacja staje si\u0119 kluczowym elementem nowoczesnych aran\u017cacji. Jednym z g\u0142\u00f3wnych powod\u00f3w tej zmiany jest potrzeba optymalnego wykorzystania przestrzeni. Mieszkania [&hellip;]<\/p>\n","protected":false},"author":1,"featured_media":75,"comment_status":"closed","ping_status":"open","sticky":false,"template":"","format":"standard","meta":{"footnotes":""},"categories":[4],"tags":[],"class_list":["post-74","post","type-post","status-publish","format-standard","has-post-thumbnail","hentry","category-trendy"],"_links":{"self":[{"href":"https:\/\/twojenowewnetrze.pl\/index.php\/wp-json\/wp\/v2\/posts\/74","targetHints":{"allow":["GET"]}}],"collection":[{"href":"https:\/\/twojenowewnetrze.pl\/index.php\/wp-json\/wp\/v2\/posts"}],"about":[{"href":"https:\/\/twojenowewnetrze.pl\/index.php\/wp-json\/wp\/v2\/types\/post"}],"author":[{"embeddable":true,"href":"https:\/\/twojenowewnetrze.pl\/index.php\/wp-json\/wp\/v2\/users\/1"}],"replies":[{"embeddable":true,"href":"https:\/\/twojenowewnetrze.pl\/index.php\/wp-json\/wp\/v2\/comments?post=74"}],"version-history":[{"count":1,"href":"https:\/\/twojenowewnetrze.pl\/index.php\/wp-json\/wp\/v2\/posts\/74\/revisions"}],"predecessor-version":[{"id":76,"href":"https:\/\/twojenowewnetrze.pl\/index.php\/wp-json\/wp\/v2\/posts\/74\/revisions\/76"}],"wp:featuredmedia":[{"embeddable":true,"href":"https:\/\/twojenowewnetrze.pl\/index.php\/wp-json\/wp\/v2\/media\/75"}],"wp:attachment":[{"href":"https:\/\/twojenowewnetrze.pl\/index.php\/wp-json\/wp\/v2\/media?parent=74"}],"wp:term":[{"taxonomy":"category","embeddable":true,"href":"https:\/\/twojenowewnetrze.pl\/index.php\/wp-json\/wp\/v2\/categories?post=74"},{"taxonomy":"post_tag","embeddable":true,"href":"https:\/\/twojenowewnetrze.pl\/index.php\/wp-json\/wp\/v2\/tags?post=74"}],"curies":[{"name":"wp","href":"https:\/\/api.w.org\/{rel}","templated":true}]}}