{"id":71,"date":"2025-12-06T15:46:12","date_gmt":"2025-12-06T14:46:12","guid":{"rendered":"https:\/\/twojenowewnetrze.pl\/?p=71"},"modified":"2025-12-16T07:11:46","modified_gmt":"2025-12-16T06:11:46","slug":"trendy-w-meblach-2025-naturalnosc-funkcja-i-ponadczasowy-design","status":"publish","type":"post","link":"https:\/\/twojenowewnetrze.pl\/index.php\/2025\/12\/06\/trendy-w-meblach-2025-naturalnosc-funkcja-i-ponadczasowy-design\/","title":{"rendered":"Trendy w meblach 2025. Naturalno\u015b\u0107, funkcja i ponadczasowy design"},"content":{"rendered":"\n<p>Wsp\u00f3\u0142czesne wn\u0119trza coraz wyra\u017aniej odchodz\u0105 od chwilowych m\u00f3d na rzecz rozwi\u0105za\u0144 trwa\u0142ych, funkcjonalnych i bliskich naturze. Trendy meblarskie na 2025 rok pokazuj\u0105, \u017ce klienci szukaj\u0105 spokoju, harmonii i jako\u015bci, kt\u00f3ra zostanie z nimi na lata. To dobra wiadomo\u015b\u0107 dla tych, kt\u00f3rzy stawiaj\u0105 na solidne wykonanie i przemy\u015blane projekty.<\/p>\n\n\n\n<p>Jednym z najmocniejszych kierunk\u00f3w jest powr\u00f3t do naturalnych materia\u0142\u00f3w. Drewno w ciep\u0142ych odcieniach, fornir, struktury inspirowane kamieniem czy subtelne tkaniny obiciowe buduj\u0105 przytulny charakter wn\u0119trz. Meble nie dominuj\u0105 przestrzeni, ale staj\u0105 si\u0119 jej naturalnym uzupe\u0142nieniem. Liczy si\u0119 faktura, detal i wyczucie proporcji.<\/p>\n\n\n\n<p>Coraz wi\u0119ksz\u0105 rol\u0119 odgrywa te\u017c funkcjonalno\u015b\u0107. Klienci chc\u0105 mebli, kt\u00f3re realnie odpowiadaj\u0105 na ich codzienne potrzeby. Przemy\u015blane systemy przechowywania, szafy i zabudowy dopasowane do konkretnej przestrzeni, meble kuchenne projektowane pod styl \u017cycia domownik\u00f3w. To w\u0142a\u015bnie personalizacja staje si\u0119 nowym standardem.<\/p>\n\n\n\n<p>Minimalizm nadal jest obecny, ale w cieplejszej ods\u0142onie. Zamiast ch\u0142odnych, surowych form pojawiaj\u0105 si\u0119 mi\u0119kkie linie, zaokr\u0105glone kraw\u0119dzie i stonowana kolorystyka. Be\u017ce, oliwka, karmel czy ciep\u0142e szaro\u015bci skutecznie wypieraj\u0105 kontrastow\u0105 biel i czer\u0144.<\/p>\n\n\n\n<p>BK Meble z K\u0119t doskonale wpisuje si\u0119 w te trendy, \u0142\u0105cz\u0105c nowoczesne podej\u015bcie do projektowania z rzemie\u015bln\u0105 precyzj\u0105 wykonania. To przyk\u0142ad tego, \u017ce aktualne trendy nie musz\u0105 oznacza\u0107 kompromis\u00f3w, a dobrze zaprojektowane meble mog\u0105 by\u0107 jednocze\u015bnie modne, wygodne i trwa\u0142e.<\/p>\n","protected":false},"excerpt":{"rendered":"<p>Wsp\u00f3\u0142czesne wn\u0119trza coraz wyra\u017aniej odchodz\u0105 od chwilowych m\u00f3d na rzecz rozwi\u0105za\u0144 trwa\u0142ych, funkcjonalnych i bliskich naturze. Trendy meblarskie na 2025 rok pokazuj\u0105, \u017ce klienci szukaj\u0105 spokoju, harmonii i jako\u015bci, kt\u00f3ra zostanie z nimi na lata. To dobra wiadomo\u015b\u0107 dla tych, kt\u00f3rzy stawiaj\u0105 na solidne wykonanie i przemy\u015blane projekty. Jednym z najmocniejszych kierunk\u00f3w jest powr\u00f3t do [&hellip;]<\/p>\n","protected":false},"author":1,"featured_media":72,"comment_status":"closed","ping_status":"open","sticky":false,"template":"","format":"standard","meta":{"footnotes":""},"categories":[4],"tags":[],"class_list":["post-71","post","type-post","status-publish","format-standard","has-post-thumbnail","hentry","category-trendy"],"_links":{"self":[{"href":"https:\/\/twojenowewnetrze.pl\/index.php\/wp-json\/wp\/v2\/posts\/71","targetHints":{"allow":["GET"]}}],"collection":[{"href":"https:\/\/twojenowewnetrze.pl\/index.php\/wp-json\/wp\/v2\/posts"}],"about":[{"href":"https:\/\/twojenowewnetrze.pl\/index.php\/wp-json\/wp\/v2\/types\/post"}],"author":[{"embeddable":true,"href":"https:\/\/twojenowewnetrze.pl\/index.php\/wp-json\/wp\/v2\/users\/1"}],"replies":[{"embeddable":true,"href":"https:\/\/twojenowewnetrze.pl\/index.php\/wp-json\/wp\/v2\/comments?post=71"}],"version-history":[{"count":1,"href":"https:\/\/twojenowewnetrze.pl\/index.php\/wp-json\/wp\/v2\/posts\/71\/revisions"}],"predecessor-version":[{"id":73,"href":"https:\/\/twojenowewnetrze.pl\/index.php\/wp-json\/wp\/v2\/posts\/71\/revisions\/73"}],"wp:featuredmedia":[{"embeddable":true,"href":"https:\/\/twojenowewnetrze.pl\/index.php\/wp-json\/wp\/v2\/media\/72"}],"wp:attachment":[{"href":"https:\/\/twojenowewnetrze.pl\/index.php\/wp-json\/wp\/v2\/media?parent=71"}],"wp:term":[{"taxonomy":"category","embeddable":true,"href":"https:\/\/twojenowewnetrze.pl\/index.php\/wp-json\/wp\/v2\/categories?post=71"},{"taxonomy":"post_tag","embeddable":true,"href":"https:\/\/twojenowewnetrze.pl\/index.php\/wp-json\/wp\/v2\/tags?post=71"}],"curies":[{"name":"wp","href":"https:\/\/api.w.org\/{rel}","templated":true}]}}