{"id":123,"date":"2025-11-15T17:52:00","date_gmt":"2025-11-15T16:52:00","guid":{"rendered":"https:\/\/twojenowewnetrze.pl\/?p=123"},"modified":"2025-12-15T17:52:48","modified_gmt":"2025-12-15T16:52:48","slug":"cieply-minimalizm-i-komfort-codziennosci-trend-ktory-definiuje-nowoczesne-meble","status":"publish","type":"post","link":"https:\/\/twojenowewnetrze.pl\/index.php\/2025\/11\/15\/cieply-minimalizm-i-komfort-codziennosci-trend-ktory-definiuje-nowoczesne-meble\/","title":{"rendered":"Ciep\u0142y minimalizm i komfort codzienno\u015bci. Trend, kt\u00f3ry definiuje nowoczesne meble"},"content":{"rendered":"\n<p>Minimalizm w meblarstwie przeszed\u0142 w ostatnich latach wyra\u017an\u0105 metamorfoz\u0119. Surowe, ch\u0142odne wn\u0119trza ust\u0119puj\u0105 miejsca aran\u017cacjom, kt\u00f3re nadal s\u0105 proste i uporz\u0105dkowane, ale jednocze\u015bnie przyjazne i komfortowe. To w\u0142a\u015bnie ciep\u0142y minimalizm staje si\u0119 jednym z najwa\u017cniejszych trend\u00f3w w projektowaniu mebli.<\/p>\n\n\n\n<p>Kluczow\u0105 rol\u0119 odgrywaj\u0105 tu materia\u0142y. Naturalne drewno, matowe fronty, delikatne struktury i subtelne detale sprawiaj\u0105, \u017ce meble nie dominuj\u0105 wn\u0119trza, lecz buduj\u0105 jego atmosfer\u0119. Coraz cz\u0119\u015bciej rezygnuje si\u0119 z wysokiego po\u0142ysku na rzecz powierzchni matowych, kt\u00f3re s\u0105 bardziej eleganckie i praktyczne w codziennym u\u017cytkowaniu.<\/p>\n\n\n\n<p>Formy mebli s\u0105 proste, ale nie surowe. Zaokr\u0105glone kraw\u0119dzie, mi\u0119kkie linie i ergonomiczne rozwi\u0105zania zwi\u0119kszaj\u0105 poczucie komfortu. Trend ten wida\u0107 szczeg\u00f3lnie w kuchniach, zabudowach salonowych i sypialnianych, gdzie funkcjonalno\u015b\u0107 musi i\u015b\u0107 w parze z estetyk\u0105. Meble maj\u0105 u\u0142atwia\u0107 \u017cycie, a nie je komplikowa\u0107.<\/p>\n\n\n\n<p>Kolorystyka ciep\u0142ego minimalizmu opiera si\u0119 na spokojnych barwach. Be\u017ce, piaskowe odcienie, jasne br\u0105zy, oliwka czy z\u0142amana biel wprowadzaj\u0105 harmoni\u0119 i sprzyjaj\u0105 wyciszeniu. To rozwi\u0105zania, kt\u00f3re nie m\u0119cz\u0105 wizualnie i dobrze sprawdzaj\u0105 si\u0119 zar\u00f3wno w mniejszych mieszkaniach, jak i w przestronnych domach.<\/p>\n\n\n\n<p>Ten trend doskonale wpisuje si\u0119 w filozofi\u0119 projektowania mebli na wymiar. Dzi\u0119ki indywidualnemu podej\u015bciu mo\u017cliwe jest stworzenie zabud\u00f3w, kt\u00f3re s\u0105 idealnie dopasowane do przestrzeni i potrzeb domownik\u00f3w, bez zb\u0119dnych element\u00f3w i kompromis\u00f3w jako\u015bciowych.<\/p>\n\n\n\n<p>BK Meble z K\u0119t realizuje projekty, kt\u00f3re \u0142\u0105cz\u0105 ciep\u0142y minimalizm z solidnym wykonaniem i dba\u0142o\u015bci\u0105 o detal. To podej\u015bcie, dzi\u0119ki kt\u00f3remu wn\u0119trza pozostaj\u0105 aktualne przez lata, a meble staj\u0105 si\u0119 naturalnym t\u0142em dla codziennego \u017cycia, a nie tylko chwilowym trendem.<\/p>\n","protected":false},"excerpt":{"rendered":"<p>Minimalizm w meblarstwie przeszed\u0142 w ostatnich latach wyra\u017an\u0105 metamorfoz\u0119. Surowe, ch\u0142odne wn\u0119trza ust\u0119puj\u0105 miejsca aran\u017cacjom, kt\u00f3re nadal s\u0105 proste i uporz\u0105dkowane, ale jednocze\u015bnie przyjazne i komfortowe. To w\u0142a\u015bnie ciep\u0142y minimalizm staje si\u0119 jednym z najwa\u017cniejszych trend\u00f3w w projektowaniu mebli. Kluczow\u0105 rol\u0119 odgrywaj\u0105 tu materia\u0142y. Naturalne drewno, matowe fronty, delikatne struktury i subtelne detale sprawiaj\u0105, \u017ce [&hellip;]<\/p>\n","protected":false},"author":1,"featured_media":124,"comment_status":"closed","ping_status":"open","sticky":false,"template":"","format":"standard","meta":{"footnotes":""},"categories":[4],"tags":[],"class_list":["post-123","post","type-post","status-publish","format-standard","has-post-thumbnail","hentry","category-trendy"],"_links":{"self":[{"href":"https:\/\/twojenowewnetrze.pl\/index.php\/wp-json\/wp\/v2\/posts\/123","targetHints":{"allow":["GET"]}}],"collection":[{"href":"https:\/\/twojenowewnetrze.pl\/index.php\/wp-json\/wp\/v2\/posts"}],"about":[{"href":"https:\/\/twojenowewnetrze.pl\/index.php\/wp-json\/wp\/v2\/types\/post"}],"author":[{"embeddable":true,"href":"https:\/\/twojenowewnetrze.pl\/index.php\/wp-json\/wp\/v2\/users\/1"}],"replies":[{"embeddable":true,"href":"https:\/\/twojenowewnetrze.pl\/index.php\/wp-json\/wp\/v2\/comments?post=123"}],"version-history":[{"count":1,"href":"https:\/\/twojenowewnetrze.pl\/index.php\/wp-json\/wp\/v2\/posts\/123\/revisions"}],"predecessor-version":[{"id":125,"href":"https:\/\/twojenowewnetrze.pl\/index.php\/wp-json\/wp\/v2\/posts\/123\/revisions\/125"}],"wp:featuredmedia":[{"embeddable":true,"href":"https:\/\/twojenowewnetrze.pl\/index.php\/wp-json\/wp\/v2\/media\/124"}],"wp:attachment":[{"href":"https:\/\/twojenowewnetrze.pl\/index.php\/wp-json\/wp\/v2\/media?parent=123"}],"wp:term":[{"taxonomy":"category","embeddable":true,"href":"https:\/\/twojenowewnetrze.pl\/index.php\/wp-json\/wp\/v2\/categories?post=123"},{"taxonomy":"post_tag","embeddable":true,"href":"https:\/\/twojenowewnetrze.pl\/index.php\/wp-json\/wp\/v2\/tags?post=123"}],"curies":[{"name":"wp","href":"https:\/\/api.w.org\/{rel}","templated":true}]}}